{"id":139,"date":"2017-10-24T22:47:16","date_gmt":"2017-10-24T19:47:16","guid":{"rendered":"http:\/\/www.aseskombi.com\/?p=139"},"modified":"2017-10-30T13:51:10","modified_gmt":"2017-10-30T11:51:10","slug":"atasehir-kombi-servisi","status":"publish","type":"post","link":"https:\/\/www.aseskombi.com\/?p=139","title":{"rendered":"Ata\u015fehir Kombi Servisi"},"content":{"rendered":"<h1>Ata\u015fehir Kombi Servisi<\/h1>\n<p>\u0130stanbul\u2019un t\u00fcm g\u00f6zde il\u00e7elerinde ayn\u0131 kalitede\u00a0sizlere kombi hizmeti sunmay\u0131 ihmal etmiyoruz. <strong>Kombi servisi\u00a0<\/strong>olarak t\u00fcm markalar\u0131 kapsayan bir hizmeti ele alman\u0131za yard\u0131mc\u0131 olan firmam\u0131z, bu y\u00f6nde sizleri \u00f6n plana \u00e7\u0131kart\u0131yor ve kaliteli hizmetin \u00f6nc\u00fc bir noktaya ula\u015fmas\u0131na da yard\u0131mc\u0131 oluyoruz. \u0130stanbul standartlar\u0131nda kaliteli bir kombi servisi arayanlar\u0131n ula\u015ft\u0131\u011f\u0131 ve bu y\u00f6nde \u00f6nc\u00fc hizmetlerden faydaland\u0131\u011f\u0131 web sitemiz, ayn\u0131 zamanda <strong>petek temizli\u011fi<\/strong>\u00a0konusunda da sizlere yard\u0131mc\u0131 oluyor. Bu kapsamda d\u00fc\u015f\u00fcn\u00fcld\u00fc\u011f\u00fc zaman sizleri \u00f6n plana \u00e7\u0131kartmak ve garanti kapsam\u0131 d\u0131\u015f\u0131nda kalm\u0131\u015f olan \u00fcr\u00fcnlerinizle alakal\u0131 bir hizmet almak a\u00e7\u0131s\u0131ndan bizi araman\u0131z yeterli olacakt\u0131r.<\/p>\n<figure id=\"attachment_366\" aria-describedby=\"caption-attachment-366\" style=\"width: 300px\" class=\"wp-caption alignleft\"><img loading=\"lazy\" decoding=\"async\" class=\"size-medium wp-image-366\" src=\"http:\/\/www.aseskombi.com\/wp-content\/uploads\/2017\/10\/Kombi-Tamircisi-50-300x240.jpg\" alt=\"Ata\u015fehir Kombi Servisi\" width=\"300\" height=\"240\" srcset=\"https:\/\/www.aseskombi.com\/wp-content\/uploads\/2017\/10\/Kombi-Tamircisi-50-300x240.jpg 300w, https:\/\/www.aseskombi.com\/wp-content\/uploads\/2017\/10\/Kombi-Tamircisi-50.jpg 450w\" sizes=\"auto, (max-width: 300px) 100vw, 300px\" \/><figcaption id=\"caption-attachment-366\" class=\"wp-caption-text\">Ata\u015fehir Kombi Servisi<\/figcaption><\/figure>\n<p>Bilindi\u011fi \u00fczere kombi ar\u0131zalar\u0131 \u00e7o\u011fu zaman s\u0131k\u0131nt\u0131lar ya\u015faman\u0131za neden olmaktad\u0131r. \u00d6zellikle kombilerin bak\u0131m ve onar\u0131mlar\u0131n\u0131 aksatman\u0131z dahilinde, k\u0131\u015f g\u00fcnleri a\u00e7\u0131s\u0131ndan b\u00fcy\u00fck sorunlar ya\u015fayabilirsiniz. Bu gibi problemlerin \u00f6n\u00fcne ge\u00e7mek ve\u00a0<strong>kombi servisi<\/strong>\u00a0konusunda \u00f6n plana \u00e7\u0131kan hizmet t\u00fcrlerinden faydalanmak ad\u0131na hemen bizi aray\u0131n. Par\u00e7a de\u011fi\u015fimi, su s\u0131zd\u0131rma problemleri, su \u0131s\u0131tmama problemleri, petek \u0131s\u0131tmama problemleri gibi akl\u0131n\u0131za gelen t\u00fcm kombi ar\u0131zalar\u0131na ili\u015fkin bir hizmet anlay\u0131\u015f\u0131 olu\u015fturmaktan geri kalmamaktay\u0131z. Bir t\u0131kla hemen bizi arayabilir, <strong>petek temizli\u011fi<\/strong>\u00a0konusunda da evinizde veya i\u015fyerinizde yer alan peteklerin y\u0131kanmas\u0131na yard\u0131mc\u0131 olabilirsiniz.<\/p>\n<p>&nbsp;<\/p>\n<h2>Petek temizli\u011fi neden \u00f6nemli?<\/h2>\n<p>Petekler, d\u00f6nemsel olarak fazla \u0131s\u0131 ve su transferi olmas\u0131ndan kaynakl\u0131 t\u0131kanmalara neden olmaktad\u0131r. Bu gibi sorunlar\u0131 \u00e7\u00f6z\u00fcme kavu\u015fturmak ve g\u00fcncel bir hizmet alman\u0131z noktas\u0131nda katk\u0131lar sa\u011flayan firmam\u0131z, t\u00fcm peteklerinizi y\u0131kama hizmetleri sa\u011flamaktad\u0131r. <strong>Petek temizli\u011fi<\/strong>\u00a0konusunda \u00e7ok s\u0131k talep almaktay\u0131z. Bu hizmeti daha fazla geli\u015ftirmek ve sizlere ula\u015ft\u0131rmak bak\u0131m\u0131ndan \u00e7al\u0131\u015ft\u0131\u011f\u0131m\u0131z gibi, daima sizleri \u00f6n plana \u00e7\u0131kartmaktan da geri kalmamaktay\u0131z. En g\u00fcncel hizmetleri de\u011ferlendirmek ve bu alanda kaliteli bir teknik kadrodan faydalanman\u0131z a\u00e7\u0131s\u0131ndan da \u00e7al\u0131\u015fmaktay\u0131z. Bir t\u0131kla hemen bizi arayabilir, hizmet t\u00fcrlerini bu y\u00f6nde ele alabilirsiniz. Ayn\u0131 zamanda <strong>kombi servisi<\/strong>\u00a0olarak da sizlere g\u00fcncel bir hizmet t\u00fcr\u00fcn\u00fc sunmaktay\u0131z. Kombilerle alakal\u0131 ya\u015fanan t\u00fcm problemlerinizi \u00e7\u00f6z\u00fcme kavu\u015fturuyor ve g\u00fcn\u00fcm\u00fcz standartlar\u0131nda \u00f6nc\u00fc bir hizmet t\u00fcr\u00fcnden faydalanman\u0131za dair \u00e7al\u0131\u015fmalar sunmay\u0131 hedefliyoruz.<\/p>\n<p>Hemen siz de bizleri arayabilir ve teknik kadromuzla alakal\u0131 bilgi alma \u015fanslar\u0131na ula\u015fabilirsiniz. G\u00fcnden g\u00fcne yayg\u0131nla\u015fan hizmet t\u00fcr\u00fc ile beraber art\u0131k sorun ya\u015famadan b\u00f6lgenin t\u00fcm mahallelerini kapsayan hizmetlerimizi de\u011ferlendirme \u015fans\u0131na eri\u015febilirsiniz. <strong>Kombi servisi<\/strong>\u00a0olarak marka ayr\u0131m\u0131 yapmadan bir hizmet sunuyor, sizlere cazip bir hizmet t\u00fcr\u00fcnden faydalanma \u015fanslar\u0131 veriyoruz. B\u00f6ylesi bir \u00e7al\u0131\u015fma t\u00fcr\u00fc d\u00fc\u015f\u00fcn\u00fcld\u00fc\u011f\u00fc vakit, kitleler art\u0131k garanti kapsam\u0131 d\u0131\u015f\u0131nda kalm\u0131\u015f \u00fcr\u00fcnleriyle alakal\u0131 da servislerimize ula\u015fabilecek ve hizmetin keyfini s\u00fcrme olanaklar\u0131na eri\u015febilecekler.\u00a0<strong>Petek temizli\u011fi<\/strong>\u00a0ve di\u011fer t\u00fcm hizmet t\u00fcrlerine ili\u015fkin bizi arayabilir, konulara dair alaca\u011f\u0131n\u0131z hizmetlerin de keyfini \u00e7\u0131kartabilirsiniz.<\/p>\n<h4><\/h4>\n<h4>SERV\u0130S H\u0130ZMET\u0130 VERD\u0130\u011e\u0130M\u0130Z B\u00d6LGELER<\/h4>\n<p><em>AVRUPA VE ANADOLU YAKASIDIR<\/em><\/p>\n<table width=\"740\">\n<tbody>\n<tr>\n<td><strong>Arnavutk\u00f6y Kombi Servisi<\/strong><\/td>\n<td><strong>\u00c7atalca Kombi Servisi<\/strong><\/td>\n<td><strong>Sultangazi Kombi Servisi<\/strong><\/td>\n<\/tr>\n<tr>\n<td><strong>Avc\u0131lar Kombi Servisi<\/strong><\/td>\n<td><strong>Esenler Kombi Servisi<\/strong><\/td>\n<td><strong>\u015ei\u015fli Kombi Servisi<\/strong><\/td>\n<\/tr>\n<tr>\n<td><strong>Ba\u011fc\u0131lar Kombi Servisi<\/strong><\/td>\n<td><strong>Esenyurt Kombi Servisi<\/strong><\/td>\n<td><strong>Zeytinburnu Kombi Servisi<\/strong><\/td>\n<\/tr>\n<tr>\n<td><strong>Bah<\/strong><strong>\u00e7elievler Kombi Servisi<\/strong><\/td>\n<td><strong>Ey\u00fcp Kombi Servisi<\/strong><\/td>\n<td><strong>\u00a0\u00dcmraniye Kombi Servisi<\/strong><\/td>\n<\/tr>\n<tr>\n<td><strong>Bak\u0131rk\u00f6y Kombi Servisi<\/strong><\/td>\n<td><strong>Fatih Kombi Servisi<\/strong><\/td>\n<td><strong>Alibeyk\u00f6y Kombi Servisi<\/strong><\/td>\n<\/tr>\n<tr>\n<td><strong>Ba\u015fak\u015fehir Kombi Servisi<\/strong><\/td>\n<td><strong>Gaziosmanpa\u015fa Kombi Servisi<\/strong><\/td>\n<td><strong>Bah\u00e7e\u015fehir Kombi Servisi<\/strong><\/td>\n<\/tr>\n<tr>\n<td><strong>Bayrampa\u015fa Kombi Servisi<\/strong><\/td>\n<td><strong>G\u00fcng\u00f6ren Kombi Servisi<\/strong><\/td>\n<td><strong>Beyaz\u0131t Kombi Ser<\/strong><strong>visi<\/strong><\/td>\n<\/tr>\n<tr>\n<td><strong>B<\/strong><strong>e\u015fikta\u015f Kombi Servisi<\/strong><\/td>\n<td><strong>K\u00e2\u011f\u0131thane Kombi Servisi<\/strong><\/td>\n<td><strong>Atak\u00f6y Kombi Servisi<\/strong><\/td>\n<\/tr>\n<tr>\n<td><strong>Beylikd\u00fcz\u00fc Kombi Servisi<\/strong><\/td>\n<td><strong>K\u00fc\u00e7\u00fck\u00e7ekmece Kombi Servisi<\/strong><\/td>\n<td><strong>\u015eirinevler Kombi Servisi<\/strong><\/td>\n<\/tr>\n<tr>\n<td><strong>Beyo\u011flu Kombi Servisi<\/strong><\/td>\n<td><strong>Sar\u0131yer Kombi Servisi<\/strong><\/td>\n<td><strong>Alemda\u011f Kombi Servisi<\/strong><\/td>\n<\/tr>\n<tr>\n<td><strong>B\u00fcy\u00fck\u00e7ekmece Kombi Servisi<\/strong><\/td>\n<td><strong>Silivri Kombi Servisi<\/strong><\/td>\n<td><strong>Aksaray Kombi Servisi<\/strong><\/td>\n<\/tr>\n<tr>\n<td><strong>Adalar Kombi Servisi<\/strong><\/td>\n<td><strong>Maltepe Kombi Servisi<\/strong><\/td>\n<td><strong>Ambarl\u0131 Kombi Montaj<\/strong><\/td>\n<\/tr>\n<tr>\n<td><strong>Ata\u015fehir Kombi Servisi<\/strong><\/td>\n<td><strong>\u00a0Pendik Kombi Servisi<\/strong><\/td>\n<td><strong>G\u00fcne\u015fli Kombi Servisi<\/strong><\/td>\n<\/tr>\n<tr>\n<td><strong>Beykoz Kombi Servisi<\/strong><\/td>\n<td><strong>\u00a0Sancaktepe Kombi Servisi<\/strong><\/td>\n<td><strong>Halkal\u0131 Kombi Servisi<\/strong><\/td>\n<\/tr>\n<tr>\n<td><strong>\u00c7ekmek\u00f6y Kombi Servisi<\/strong><\/td>\n<td><strong>Sultanbeyli Kombi Servisi<\/strong><\/td>\n<td><strong>Esenyurt Kombi Servisi<\/strong><\/td>\n<\/tr>\n<tr>\n<td><strong>Kad\u0131k\u00f6y Kombi Servisi<\/strong><\/td>\n<td><strong>\u015eile Kombi Servisi<\/strong><\/td>\n<td><strong>Beykoz Kombi Servisi<\/strong><\/td>\n<\/tr>\n<tr>\n<td><strong>Kartal Kombi Servisi<\/strong><\/td>\n<td><strong>\u00a0Tuzla Kombi Servisi<\/strong><\/td>\n<td><strong>Silivri Kombi Servisi<\/strong><\/td>\n<\/tr>\n<\/tbody>\n<\/table>\n<p><strong>\u00a0<\/strong><\/p>\n<p><strong>Hizmet Verdi\u011fimiz Markalar<\/strong><\/p>\n<p><strong>Ar\u00e7elik Kombi Servisi<\/strong><br \/>\n<strong>\u00a0Ariston Kombi Servisi<\/strong><br \/>\n<strong>\u00a0Vestel Kombi Servisi<\/strong><br \/>\n<strong>\u00a0Airfel Kombi Servisi<\/strong><br \/>\n<strong>\u00a0E.C.A Kombi Servisi<br \/>\nVaillant Kombi Servisi<\/strong><br \/>\n<strong>\u00a0Viessmann Kombi Servisi<br \/>\nFerroli Kombi Servisi<br \/>\nAlarko Kombi Servisi<\/strong><\/p>\n<p><strong>\u00a0Baykan Kombi Servisi<\/strong><br \/>\n<strong>\u00a0\u0130mmergas Kombi Servisi<\/strong><br \/>\n<strong>\u00a0Protherm Kombi Servisi<\/strong><br \/>\n<strong>\u00a0Buderus Kombi Servisi<\/strong><br \/>\n<strong>\u00a0S\u00fcsler Kombi Servisi<br \/>\nBeretta Kombi Servisi<\/strong><br \/>\n<strong>\u00a0Auer Kombi Servisi<\/strong><br \/>\n<strong>\u00a0Baymak Kombi Servisi<\/strong><br \/>\n<strong>\u00a0Buhara Kombi Servisi<\/strong><\/p>\n<p><strong>\u00a0Demird\u00f6k\u00fcm KombiServisi<\/strong><br \/>\n<strong>\u00a0Termodinamik Kombi Servisi<\/strong><br \/>\n<strong>\u00a0Termoteknik Kombi Servisi<\/strong><br \/>\n<strong>\u00a0Lambert Kombi Servisi<\/strong><br \/>\n<strong>\u00a0Fellini Kombi Servisi<\/strong><br \/>\n<strong>\u00a0Baxi Kombi Servisi<\/strong><br \/>\n<strong>\u00a0Bosch Kombi Servisi<\/strong><br \/>\n<strong>\u00a0Alarko Kombi Servisi<\/strong><br \/>\n<strong>\u00a0Beko Kombi Servisi<\/strong><\/p>\n","protected":false},"excerpt":{"rendered":"<p>Ata\u015fehir Kombi Servisi \u0130stanbul\u2019un t\u00fcm g\u00f6zde il\u00e7elerinde ayn\u0131 kalitede\u00a0sizlere kombi hizmeti sunmay\u0131 ihmal etmiyoruz. Kombi servisi\u00a0olarak t\u00fcm markalar\u0131 kapsayan bir hizmeti ele alman\u0131za yard\u0131mc\u0131 olan firmam\u0131z, bu y\u00f6nde sizleri \u00f6n plana \u00e7\u0131kart\u0131yor ve kaliteli hizmetin \u00f6nc\u00fc bir noktaya ula\u015fmas\u0131na da yard\u0131mc\u0131 oluyoruz. \u0130stanbul standartlar\u0131nda kaliteli bir kombi servisi arayanlar\u0131n ula\u015ft\u0131\u011f\u0131 ve bu y\u00f6nde \u00f6nc\u00fc hizmetlerden&hellip; <a class=\"more-link\" href=\"https:\/\/www.aseskombi.com\/?p=139\">Okumaya devam et <span class=\"screen-reader-text\">Ata\u015fehir Kombi Servisi<\/span><\/a><\/p>\n","protected":false},"author":2,"featured_media":365,"comment_status":"open","ping_status":"closed","sticky":false,"template":"","format":"standard","meta":{"footnotes":""},"categories":[1],"tags":[113,90,91,92,23,5,47,51,65,45],"class_list":["post-139","post","type-post","status-publish","format-standard","has-post-thumbnail","hentry","category-genel","tag-atasehir-kombi-servisi","tag-cihangir-kombi-servisi","tag-dikilitas-kombi-servisi","tag-elmadag-kombi-servisi","tag-esenler-kombi-servisi","tag-kombi-servisi","tag-kombi-tamircisi","tag-kombi-tamiri","tag-kombi-temizligi","tag-kombi-tesisati","entry"],"_links":{"self":[{"href":"https:\/\/www.aseskombi.com\/index.php?rest_route=\/wp\/v2\/posts\/139","targetHints":{"allow":["GET"]}}],"collection":[{"href":"https:\/\/www.aseskombi.com\/index.php?rest_route=\/wp\/v2\/posts"}],"about":[{"href":"https:\/\/www.aseskombi.com\/index.php?rest_route=\/wp\/v2\/types\/post"}],"author":[{"embeddable":true,"href":"https:\/\/www.aseskombi.com\/index.php?rest_route=\/wp\/v2\/users\/2"}],"replies":[{"embeddable":true,"href":"https:\/\/www.aseskombi.com\/index.php?rest_route=%2Fwp%2Fv2%2Fcomments&post=139"}],"version-history":[{"count":4,"href":"https:\/\/www.aseskombi.com\/index.php?rest_route=\/wp\/v2\/posts\/139\/revisions"}],"predecessor-version":[{"id":367,"href":"https:\/\/www.aseskombi.com\/index.php?rest_route=\/wp\/v2\/posts\/139\/revisions\/367"}],"wp:featuredmedia":[{"embeddable":true,"href":"https:\/\/www.aseskombi.com\/index.php?rest_route=\/wp\/v2\/media\/365"}],"wp:attachment":[{"href":"https:\/\/www.aseskombi.com\/index.php?rest_route=%2Fwp%2Fv2%2Fmedia&parent=139"}],"wp:term":[{"taxonomy":"category","embeddable":true,"href":"https:\/\/www.aseskombi.com\/index.php?rest_route=%2Fwp%2Fv2%2Fcategories&post=139"},{"taxonomy":"post_tag","embeddable":true,"href":"https:\/\/www.aseskombi.com\/index.php?rest_route=%2Fwp%2Fv2%2Ftags&post=139"}],"curies":[{"name":"wp","href":"https:\/\/api.w.org\/{rel}","templated":true}]}}